{"id":8568,"date":"2024-04-24T13:49:33","date_gmt":"2024-04-24T13:49:33","guid":{"rendered":"https:\/\/rogers-centre.ca\/?p=8568"},"modified":"2024-04-24T14:02:15","modified_gmt":"2024-04-24T14:02:15","slug":"explorer-le-salon-des-voyages-et-des-vacances-au-centre-shaw","status":"publish","type":"post","link":"https:\/\/rogers-centreottawa.ca\/fr\/blog\/explorer-le-salon-des-voyages-et-des-vacances-au-centre-shaw","title":{"rendered":"Explorer le Salon des voyages et des vacances au Centre Shaw"},"content":{"rendered":"","protected":false},"excerpt":{"rendered":"","protected":false},"author":4,"featured_media":8554,"comment_status":"open","ping_status":"open","sticky":false,"template":"","format":"standard","meta":{"_acf_changed":false,"footnotes":""},"categories":[2],"tags":[62,63],"class_list":["post-8568","post","type-post","status-publish","format-standard","has-post-thumbnail","hentry","category-non-classifiee","tag-travel-fr","tag-vacation-fr"],"acf":[],"yoast_head":"<!-- This site is optimized with the Yoast SEO plugin v27.2 - https:\/\/yoast.com\/product\/yoast-seo-wordpress\/ -->\n<title>Explorer le Salon des voyages et des vacances au Centre Shaw - Centre Rogers Ottawa<\/title>\n<meta name=\"description\" content=\"Pour ceux qui r\u00eavent de destinations lointaines, qui ont envie de nouvelles aventures ou qui aiment tout simplement s&#039;immerger dans des cultures diff\u00e9rentes, le Salon des voyages et des vacances est un \u00e9v\u00e9nement incontournable.\" \/>\n<meta name=\"robots\" content=\"index, follow, max-snippet:-1, max-image-preview:large, max-video-preview:-1\" \/>\n<link rel=\"canonical\" href=\"https:\/\/rogers-centreottawa.ca\/fr\/blog\/explorer-le-salon-des-voyages-et-des-vacances-au-centre-shaw\" \/>\n<meta property=\"og:locale\" content=\"fr_FR\" \/>\n<meta property=\"og:type\" content=\"article\" \/>\n<meta property=\"og:title\" content=\"Explorer le Salon des voyages et des vacances au Centre Shaw - Centre Rogers Ottawa\" \/>\n<meta property=\"og:description\" content=\"Pour ceux qui r\u00eavent de destinations lointaines, qui ont envie de nouvelles aventures ou qui aiment tout simplement s&#039;immerger dans des cultures diff\u00e9rentes, le Salon des voyages et des vacances est un \u00e9v\u00e9nement incontournable.\" \/>\n<meta property=\"og:url\" content=\"https:\/\/rogers-centreottawa.ca\/fr\/blog\/explorer-le-salon-des-voyages-et-des-vacances-au-centre-shaw\" \/>\n<meta property=\"og:site_name\" content=\"Centre Rogers Ottawa\" \/>\n<meta property=\"article:published_time\" content=\"2024-04-24T13:49:33+00:00\" \/>\n<meta property=\"article:modified_time\" content=\"2024-04-24T14:02:15+00:00\" \/>\n<meta property=\"og:image\" content=\"https:\/\/rogers-centreottawa.ca\/wp-content\/uploads\/2024\/04\/PCSamHouptCTVNewstravel-and-vacation-show-1-6836605-1712439729856.png\" \/>\n\t<meta property=\"og:image:width\" content=\"1020\" \/>\n\t<meta property=\"og:image:height\" content=\"574\" \/>\n\t<meta property=\"og:image:type\" content=\"image\/png\" \/>\n<meta name=\"author\" content=\"Trisha Richardson\" \/>\n<meta name=\"twitter:card\" content=\"summary_large_image\" \/>\n<meta name=\"twitter:label1\" content=\"\u00c9crit par\" \/>\n\t<meta name=\"twitter:data1\" content=\"Trisha Richardson\" \/>\n<script type=\"application\/ld+json\" class=\"yoast-schema-graph\">{\"@context\":\"https:\/\/schema.org\",\"@graph\":[{\"@type\":\"Article\",\"@id\":\"https:\/\/rogers-centreottawa.ca\/fr\/blog\/explorer-le-salon-des-voyages-et-des-vacances-au-centre-shaw#article\",\"isPartOf\":{\"@id\":\"https:\/\/rogers-centreottawa.ca\/fr\/blog\/explorer-le-salon-des-voyages-et-des-vacances-au-centre-shaw\"},\"author\":{\"name\":\"Trisha Richardson\",\"@id\":\"https:\/\/rogers-centreottawa.ca\/#\/schema\/person\/c025bf70080cd7d9e57ad4c17f377b0b\"},\"headline\":\"Explorer le Salon des voyages et des vacances au Centre Shaw\",\"datePublished\":\"2024-04-24T13:49:33+00:00\",\"dateModified\":\"2024-04-24T14:02:15+00:00\",\"mainEntityOfPage\":{\"@id\":\"https:\/\/rogers-centreottawa.ca\/fr\/blog\/explorer-le-salon-des-voyages-et-des-vacances-au-centre-shaw\"},\"wordCount\":11,\"commentCount\":0,\"image\":{\"@id\":\"https:\/\/rogers-centreottawa.ca\/fr\/blog\/explorer-le-salon-des-voyages-et-des-vacances-au-centre-shaw#primaryimage\"},\"thumbnailUrl\":\"https:\/\/rogers-centreottawa.ca\/wp-content\/uploads\/2024\/04\/PCSamHouptCTVNewstravel-and-vacation-show-1-6836605-1712439729856.png\",\"keywords\":[\"Travel\",\"Vacation\"],\"articleSection\":[\"Non classifi\u00e9(e)\"],\"inLanguage\":\"fr-FR\"},{\"@type\":\"WebPage\",\"@id\":\"https:\/\/rogers-centreottawa.ca\/fr\/blog\/explorer-le-salon-des-voyages-et-des-vacances-au-centre-shaw\",\"url\":\"https:\/\/rogers-centreottawa.ca\/fr\/blog\/explorer-le-salon-des-voyages-et-des-vacances-au-centre-shaw\",\"name\":\"Explorer le Salon des voyages et des vacances au Centre Shaw - Centre Rogers Ottawa\",\"isPartOf\":{\"@id\":\"https:\/\/rogers-centreottawa.ca\/#website\"},\"primaryImageOfPage\":{\"@id\":\"https:\/\/rogers-centreottawa.ca\/fr\/blog\/explorer-le-salon-des-voyages-et-des-vacances-au-centre-shaw#primaryimage\"},\"image\":{\"@id\":\"https:\/\/rogers-centreottawa.ca\/fr\/blog\/explorer-le-salon-des-voyages-et-des-vacances-au-centre-shaw#primaryimage\"},\"thumbnailUrl\":\"https:\/\/rogers-centreottawa.ca\/wp-content\/uploads\/2024\/04\/PCSamHouptCTVNewstravel-and-vacation-show-1-6836605-1712439729856.png\",\"datePublished\":\"2024-04-24T13:49:33+00:00\",\"dateModified\":\"2024-04-24T14:02:15+00:00\",\"author\":{\"@id\":\"https:\/\/rogers-centreottawa.ca\/#\/schema\/person\/c025bf70080cd7d9e57ad4c17f377b0b\"},\"description\":\"Pour ceux qui r\u00eavent de destinations lointaines, qui ont envie de nouvelles aventures ou qui aiment tout simplement s'immerger dans des cultures diff\u00e9rentes, le Salon des voyages et des vacances est un \u00e9v\u00e9nement incontournable.\",\"breadcrumb\":{\"@id\":\"https:\/\/rogers-centreottawa.ca\/fr\/blog\/explorer-le-salon-des-voyages-et-des-vacances-au-centre-shaw#breadcrumb\"},\"inLanguage\":\"fr-FR\",\"potentialAction\":[{\"@type\":\"ReadAction\",\"target\":[\"https:\/\/rogers-centreottawa.ca\/fr\/blog\/explorer-le-salon-des-voyages-et-des-vacances-au-centre-shaw\"]}]},{\"@type\":\"ImageObject\",\"inLanguage\":\"fr-FR\",\"@id\":\"https:\/\/rogers-centreottawa.ca\/fr\/blog\/explorer-le-salon-des-voyages-et-des-vacances-au-centre-shaw#primaryimage\",\"url\":\"https:\/\/rogers-centreottawa.ca\/wp-content\/uploads\/2024\/04\/PCSamHouptCTVNewstravel-and-vacation-show-1-6836605-1712439729856.png\",\"contentUrl\":\"https:\/\/rogers-centreottawa.ca\/wp-content\/uploads\/2024\/04\/PCSamHouptCTVNewstravel-and-vacation-show-1-6836605-1712439729856.png\",\"width\":1020,\"height\":574},{\"@type\":\"BreadcrumbList\",\"@id\":\"https:\/\/rogers-centreottawa.ca\/fr\/blog\/explorer-le-salon-des-voyages-et-des-vacances-au-centre-shaw#breadcrumb\",\"itemListElement\":[{\"@type\":\"ListItem\",\"position\":1,\"name\":\"Home\",\"item\":\"https:\/\/rogers-centreottawa.ca\/fr\"},{\"@type\":\"ListItem\",\"position\":2,\"name\":\"Explorer le Salon des voyages et des vacances au Centre Shaw\"}]},{\"@type\":\"WebSite\",\"@id\":\"https:\/\/rogers-centreottawa.ca\/#website\",\"url\":\"https:\/\/rogers-centreottawa.ca\/\",\"name\":\"Centre Rogers Ottawa\",\"description\":\"Welcome to Canada\u2019s Meeting Place in the Heart of Ottawa.\",\"potentialAction\":[{\"@type\":\"SearchAction\",\"target\":{\"@type\":\"EntryPoint\",\"urlTemplate\":\"https:\/\/rogers-centreottawa.ca\/?s={search_term_string}\"},\"query-input\":{\"@type\":\"PropertyValueSpecification\",\"valueRequired\":true,\"valueName\":\"search_term_string\"}}],\"inLanguage\":\"fr-FR\"},{\"@type\":\"Person\",\"@id\":\"https:\/\/rogers-centreottawa.ca\/#\/schema\/person\/c025bf70080cd7d9e57ad4c17f377b0b\",\"name\":\"Trisha Richardson\",\"image\":{\"@type\":\"ImageObject\",\"inLanguage\":\"fr-FR\",\"@id\":\"https:\/\/secure.gravatar.com\/avatar\/b2906d35434d35be5a26a2dc38d747bc6ba5434cafc7794a99d1427286536198?s=96&d=mm&r=g\",\"url\":\"https:\/\/secure.gravatar.com\/avatar\/b2906d35434d35be5a26a2dc38d747bc6ba5434cafc7794a99d1427286536198?s=96&d=mm&r=g\",\"contentUrl\":\"https:\/\/secure.gravatar.com\/avatar\/b2906d35434d35be5a26a2dc38d747bc6ba5434cafc7794a99d1427286536198?s=96&d=mm&r=g\",\"caption\":\"Trisha Richardson\"}}]}<\/script>\n<!-- \/ Yoast SEO plugin. -->","yoast_head_json":{"title":"Explorer le Salon des voyages et des vacances au Centre Shaw - Centre Rogers Ottawa","description":"Pour ceux qui r\u00eavent de destinations lointaines, qui ont envie de nouvelles aventures ou qui aiment tout simplement s'immerger dans des cultures diff\u00e9rentes, le Salon des voyages et des vacances est un \u00e9v\u00e9nement incontournable.","robots":{"index":"index","follow":"follow","max-snippet":"max-snippet:-1","max-image-preview":"max-image-preview:large","max-video-preview":"max-video-preview:-1"},"canonical":"https:\/\/rogers-centreottawa.ca\/fr\/blog\/explorer-le-salon-des-voyages-et-des-vacances-au-centre-shaw","og_locale":"fr_FR","og_type":"article","og_title":"Explorer le Salon des voyages et des vacances au Centre Shaw - Centre Rogers Ottawa","og_description":"Pour ceux qui r\u00eavent de destinations lointaines, qui ont envie de nouvelles aventures ou qui aiment tout simplement s'immerger dans des cultures diff\u00e9rentes, le Salon des voyages et des vacances est un \u00e9v\u00e9nement incontournable.","og_url":"https:\/\/rogers-centreottawa.ca\/fr\/blog\/explorer-le-salon-des-voyages-et-des-vacances-au-centre-shaw","og_site_name":"Centre Rogers Ottawa","article_published_time":"2024-04-24T13:49:33+00:00","article_modified_time":"2024-04-24T14:02:15+00:00","og_image":[{"width":1020,"height":574,"url":"https:\/\/rogers-centreottawa.ca\/wp-content\/uploads\/2024\/04\/PCSamHouptCTVNewstravel-and-vacation-show-1-6836605-1712439729856.png","type":"image\/png"}],"author":"Trisha Richardson","twitter_card":"summary_large_image","twitter_misc":{"\u00c9crit par":"Trisha Richardson"},"schema":{"@context":"https:\/\/schema.org","@graph":[{"@type":"Article","@id":"https:\/\/rogers-centreottawa.ca\/fr\/blog\/explorer-le-salon-des-voyages-et-des-vacances-au-centre-shaw#article","isPartOf":{"@id":"https:\/\/rogers-centreottawa.ca\/fr\/blog\/explorer-le-salon-des-voyages-et-des-vacances-au-centre-shaw"},"author":{"name":"Trisha Richardson","@id":"https:\/\/rogers-centreottawa.ca\/#\/schema\/person\/c025bf70080cd7d9e57ad4c17f377b0b"},"headline":"Explorer le Salon des voyages et des vacances au Centre Shaw","datePublished":"2024-04-24T13:49:33+00:00","dateModified":"2024-04-24T14:02:15+00:00","mainEntityOfPage":{"@id":"https:\/\/rogers-centreottawa.ca\/fr\/blog\/explorer-le-salon-des-voyages-et-des-vacances-au-centre-shaw"},"wordCount":11,"commentCount":0,"image":{"@id":"https:\/\/rogers-centreottawa.ca\/fr\/blog\/explorer-le-salon-des-voyages-et-des-vacances-au-centre-shaw#primaryimage"},"thumbnailUrl":"https:\/\/rogers-centreottawa.ca\/wp-content\/uploads\/2024\/04\/PCSamHouptCTVNewstravel-and-vacation-show-1-6836605-1712439729856.png","keywords":["Travel","Vacation"],"articleSection":["Non classifi\u00e9(e)"],"inLanguage":"fr-FR"},{"@type":"WebPage","@id":"https:\/\/rogers-centreottawa.ca\/fr\/blog\/explorer-le-salon-des-voyages-et-des-vacances-au-centre-shaw","url":"https:\/\/rogers-centreottawa.ca\/fr\/blog\/explorer-le-salon-des-voyages-et-des-vacances-au-centre-shaw","name":"Explorer le Salon des voyages et des vacances au Centre Shaw - Centre Rogers Ottawa","isPartOf":{"@id":"https:\/\/rogers-centreottawa.ca\/#website"},"primaryImageOfPage":{"@id":"https:\/\/rogers-centreottawa.ca\/fr\/blog\/explorer-le-salon-des-voyages-et-des-vacances-au-centre-shaw#primaryimage"},"image":{"@id":"https:\/\/rogers-centreottawa.ca\/fr\/blog\/explorer-le-salon-des-voyages-et-des-vacances-au-centre-shaw#primaryimage"},"thumbnailUrl":"https:\/\/rogers-centreottawa.ca\/wp-content\/uploads\/2024\/04\/PCSamHouptCTVNewstravel-and-vacation-show-1-6836605-1712439729856.png","datePublished":"2024-04-24T13:49:33+00:00","dateModified":"2024-04-24T14:02:15+00:00","author":{"@id":"https:\/\/rogers-centreottawa.ca\/#\/schema\/person\/c025bf70080cd7d9e57ad4c17f377b0b"},"description":"Pour ceux qui r\u00eavent de destinations lointaines, qui ont envie de nouvelles aventures ou qui aiment tout simplement s'immerger dans des cultures diff\u00e9rentes, le Salon des voyages et des vacances est un \u00e9v\u00e9nement incontournable.","breadcrumb":{"@id":"https:\/\/rogers-centreottawa.ca\/fr\/blog\/explorer-le-salon-des-voyages-et-des-vacances-au-centre-shaw#breadcrumb"},"inLanguage":"fr-FR","potentialAction":[{"@type":"ReadAction","target":["https:\/\/rogers-centreottawa.ca\/fr\/blog\/explorer-le-salon-des-voyages-et-des-vacances-au-centre-shaw"]}]},{"@type":"ImageObject","inLanguage":"fr-FR","@id":"https:\/\/rogers-centreottawa.ca\/fr\/blog\/explorer-le-salon-des-voyages-et-des-vacances-au-centre-shaw#primaryimage","url":"https:\/\/rogers-centreottawa.ca\/wp-content\/uploads\/2024\/04\/PCSamHouptCTVNewstravel-and-vacation-show-1-6836605-1712439729856.png","contentUrl":"https:\/\/rogers-centreottawa.ca\/wp-content\/uploads\/2024\/04\/PCSamHouptCTVNewstravel-and-vacation-show-1-6836605-1712439729856.png","width":1020,"height":574},{"@type":"BreadcrumbList","@id":"https:\/\/rogers-centreottawa.ca\/fr\/blog\/explorer-le-salon-des-voyages-et-des-vacances-au-centre-shaw#breadcrumb","itemListElement":[{"@type":"ListItem","position":1,"name":"Home","item":"https:\/\/rogers-centreottawa.ca\/fr"},{"@type":"ListItem","position":2,"name":"Explorer le Salon des voyages et des vacances au Centre Shaw"}]},{"@type":"WebSite","@id":"https:\/\/rogers-centreottawa.ca\/#website","url":"https:\/\/rogers-centreottawa.ca\/","name":"Centre Rogers Ottawa","description":"Welcome to Canada\u2019s Meeting Place in the Heart of Ottawa.","potentialAction":[{"@type":"SearchAction","target":{"@type":"EntryPoint","urlTemplate":"https:\/\/rogers-centreottawa.ca\/?s={search_term_string}"},"query-input":{"@type":"PropertyValueSpecification","valueRequired":true,"valueName":"search_term_string"}}],"inLanguage":"fr-FR"},{"@type":"Person","@id":"https:\/\/rogers-centreottawa.ca\/#\/schema\/person\/c025bf70080cd7d9e57ad4c17f377b0b","name":"Trisha Richardson","image":{"@type":"ImageObject","inLanguage":"fr-FR","@id":"https:\/\/secure.gravatar.com\/avatar\/b2906d35434d35be5a26a2dc38d747bc6ba5434cafc7794a99d1427286536198?s=96&d=mm&r=g","url":"https:\/\/secure.gravatar.com\/avatar\/b2906d35434d35be5a26a2dc38d747bc6ba5434cafc7794a99d1427286536198?s=96&d=mm&r=g","contentUrl":"https:\/\/secure.gravatar.com\/avatar\/b2906d35434d35be5a26a2dc38d747bc6ba5434cafc7794a99d1427286536198?s=96&d=mm&r=g","caption":"Trisha Richardson"}}]}},"_links":{"self":[{"href":"https:\/\/rogers-centreottawa.ca\/fr\/wp-json\/wp\/v2\/posts\/8568"}],"collection":[{"href":"https:\/\/rogers-centreottawa.ca\/fr\/wp-json\/wp\/v2\/posts"}],"about":[{"href":"https:\/\/rogers-centreottawa.ca\/fr\/wp-json\/wp\/v2\/types\/post"}],"author":[{"embeddable":true,"href":"https:\/\/rogers-centreottawa.ca\/fr\/wp-json\/wp\/v2\/users\/4"}],"replies":[{"embeddable":true,"href":"https:\/\/rogers-centreottawa.ca\/fr\/wp-json\/wp\/v2\/comments?post=8568"}],"version-history":[{"count":0,"href":"https:\/\/rogers-centreottawa.ca\/fr\/wp-json\/wp\/v2\/posts\/8568\/revisions"}],"wp:featuredmedia":[{"embeddable":true,"href":"https:\/\/rogers-centreottawa.ca\/fr\/wp-json\/wp\/v2\/media\/8554"}],"wp:attachment":[{"href":"https:\/\/rogers-centreottawa.ca\/fr\/wp-json\/wp\/v2\/media?parent=8568"}],"wp:term":[{"taxonomy":"category","embeddable":true,"href":"https:\/\/rogers-centreottawa.ca\/fr\/wp-json\/wp\/v2\/categories?post=8568"},{"taxonomy":"post_tag","embeddable":true,"href":"https:\/\/rogers-centreottawa.ca\/fr\/wp-json\/wp\/v2\/tags?post=8568"}],"curies":[{"name":"wp","href":"https:\/\/api.w.org\/{rel}","templated":true}]}}