{"id":11752,"date":"2026-04-23T14:20:10","date_gmt":"2026-04-23T14:20:10","guid":{"rendered":"https:\/\/rogers-centreottawa.ca\/?p=11752"},"modified":"2026-04-23T14:20:25","modified_gmt":"2026-04-23T14:20:25","slug":"le-centre-rogers-ottawa-celebre-ses-15-ans-passes-a-rassembler-les-gens-les-idees-et-les-communautes","status":"publish","type":"post","link":"https:\/\/rogers-centreottawa.ca\/fr\/blog\/le-centre-rogers-ottawa-celebre-ses-15-ans-passes-a-rassembler-les-gens-les-idees-et-les-communautes","title":{"rendered":"Le Centre Rogers Ottawa c\u00e9l\u00e8bre ses 15 ans pass\u00e9s \u00e0 rassembler les gens, les id\u00e9es et les communaut\u00e9s"},"content":{"rendered":"","protected":false},"excerpt":{"rendered":"","protected":false},"author":3,"featured_media":11735,"comment_status":"closed","ping_status":"closed","sticky":false,"template":"","format":"standard","meta":{"_acf_changed":false,"footnotes":""},"categories":[2],"tags":[],"class_list":["post-11752","post","type-post","status-publish","format-standard","has-post-thumbnail","hentry","category-non-classifiee"],"acf":[],"yoast_head":"<!-- This site is optimized with the Yoast SEO plugin v27.2 - https:\/\/yoast.com\/product\/yoast-seo-wordpress\/ -->\n<title>Le Centre Rogers Ottawa c\u00e9l\u00e8bre ses 15 ans pass\u00e9s \u00e0 rassembler les gens, les id\u00e9es et les communaut\u00e9s - Centre Rogers Ottawa<\/title>\n<meta name=\"robots\" content=\"index, follow, max-snippet:-1, max-image-preview:large, max-video-preview:-1\" \/>\n<link rel=\"canonical\" href=\"https:\/\/rogers-centreottawa.ca\/fr\/blog\/le-centre-rogers-ottawa-celebre-ses-15-ans-passes-a-rassembler-les-gens-les-idees-et-les-communautes\" \/>\n<meta property=\"og:locale\" content=\"fr_FR\" \/>\n<meta property=\"og:type\" content=\"article\" \/>\n<meta property=\"og:title\" content=\"Le Centre Rogers Ottawa c\u00e9l\u00e8bre ses 15 ans pass\u00e9s \u00e0 rassembler les gens, les id\u00e9es et les communaut\u00e9s - Centre Rogers Ottawa\" \/>\n<meta property=\"og:url\" content=\"https:\/\/rogers-centreottawa.ca\/fr\/blog\/le-centre-rogers-ottawa-celebre-ses-15-ans-passes-a-rassembler-les-gens-les-idees-et-les-communautes\" \/>\n<meta property=\"og:site_name\" content=\"Centre Rogers Ottawa\" \/>\n<meta property=\"article:published_time\" content=\"2026-04-23T14:20:10+00:00\" \/>\n<meta property=\"article:modified_time\" content=\"2026-04-23T14:20:25+00:00\" \/>\n<meta property=\"og:image\" content=\"https:\/\/rogers-centreottawa.ca\/wp-content\/uploads\/2026\/04\/53519280105_7045c8bc8f_k-2.jpg\" \/>\n\t<meta property=\"og:image:width\" content=\"2048\" \/>\n\t<meta property=\"og:image:height\" content=\"1365\" \/>\n\t<meta property=\"og:image:type\" content=\"image\/jpeg\" \/>\n<meta name=\"author\" content=\"Heather Lyall\" \/>\n<meta name=\"twitter:card\" content=\"summary_large_image\" \/>\n<meta name=\"twitter:label1\" content=\"\u00c9crit par\" \/>\n\t<meta name=\"twitter:data1\" content=\"Heather Lyall\" \/>\n<script type=\"application\/ld+json\" class=\"yoast-schema-graph\">{\"@context\":\"https:\/\/schema.org\",\"@graph\":[{\"@type\":\"Article\",\"@id\":\"https:\/\/rogers-centreottawa.ca\/fr\/blog\/le-centre-rogers-ottawa-celebre-ses-15-ans-passes-a-rassembler-les-gens-les-idees-et-les-communautes#article\",\"isPartOf\":{\"@id\":\"https:\/\/rogers-centreottawa.ca\/fr\/blog\/le-centre-rogers-ottawa-celebre-ses-15-ans-passes-a-rassembler-les-gens-les-idees-et-les-communautes\"},\"author\":{\"name\":\"Heather Lyall\",\"@id\":\"https:\/\/rogers-centreottawa.ca\/#\/schema\/person\/18c1513087dc61775ced82874eed0330\"},\"headline\":\"Le Centre Rogers Ottawa c\u00e9l\u00e8bre ses 15 ans pass\u00e9s \u00e0 rassembler les gens, les id\u00e9es et les communaut\u00e9s\",\"datePublished\":\"2026-04-23T14:20:10+00:00\",\"dateModified\":\"2026-04-23T14:20:25+00:00\",\"mainEntityOfPage\":{\"@id\":\"https:\/\/rogers-centreottawa.ca\/fr\/blog\/le-centre-rogers-ottawa-celebre-ses-15-ans-passes-a-rassembler-les-gens-les-idees-et-les-communautes\"},\"wordCount\":21,\"image\":{\"@id\":\"https:\/\/rogers-centreottawa.ca\/fr\/blog\/le-centre-rogers-ottawa-celebre-ses-15-ans-passes-a-rassembler-les-gens-les-idees-et-les-communautes#primaryimage\"},\"thumbnailUrl\":\"https:\/\/rogers-centreottawa.ca\/wp-content\/uploads\/2026\/04\/53519280105_7045c8bc8f_k-2.jpg\",\"articleSection\":[\"Non classifi\u00e9(e)\"],\"inLanguage\":\"fr-FR\"},{\"@type\":\"WebPage\",\"@id\":\"https:\/\/rogers-centreottawa.ca\/fr\/blog\/le-centre-rogers-ottawa-celebre-ses-15-ans-passes-a-rassembler-les-gens-les-idees-et-les-communautes\",\"url\":\"https:\/\/rogers-centreottawa.ca\/fr\/blog\/le-centre-rogers-ottawa-celebre-ses-15-ans-passes-a-rassembler-les-gens-les-idees-et-les-communautes\",\"name\":\"Le Centre Rogers Ottawa c\u00e9l\u00e8bre ses 15 ans pass\u00e9s \u00e0 rassembler les gens, les id\u00e9es et les communaut\u00e9s - Centre Rogers Ottawa\",\"isPartOf\":{\"@id\":\"https:\/\/rogers-centreottawa.ca\/#website\"},\"primaryImageOfPage\":{\"@id\":\"https:\/\/rogers-centreottawa.ca\/fr\/blog\/le-centre-rogers-ottawa-celebre-ses-15-ans-passes-a-rassembler-les-gens-les-idees-et-les-communautes#primaryimage\"},\"image\":{\"@id\":\"https:\/\/rogers-centreottawa.ca\/fr\/blog\/le-centre-rogers-ottawa-celebre-ses-15-ans-passes-a-rassembler-les-gens-les-idees-et-les-communautes#primaryimage\"},\"thumbnailUrl\":\"https:\/\/rogers-centreottawa.ca\/wp-content\/uploads\/2026\/04\/53519280105_7045c8bc8f_k-2.jpg\",\"datePublished\":\"2026-04-23T14:20:10+00:00\",\"dateModified\":\"2026-04-23T14:20:25+00:00\",\"author\":{\"@id\":\"https:\/\/rogers-centreottawa.ca\/#\/schema\/person\/18c1513087dc61775ced82874eed0330\"},\"breadcrumb\":{\"@id\":\"https:\/\/rogers-centreottawa.ca\/fr\/blog\/le-centre-rogers-ottawa-celebre-ses-15-ans-passes-a-rassembler-les-gens-les-idees-et-les-communautes#breadcrumb\"},\"inLanguage\":\"fr-FR\",\"potentialAction\":[{\"@type\":\"ReadAction\",\"target\":[\"https:\/\/rogers-centreottawa.ca\/fr\/blog\/le-centre-rogers-ottawa-celebre-ses-15-ans-passes-a-rassembler-les-gens-les-idees-et-les-communautes\"]}]},{\"@type\":\"ImageObject\",\"inLanguage\":\"fr-FR\",\"@id\":\"https:\/\/rogers-centreottawa.ca\/fr\/blog\/le-centre-rogers-ottawa-celebre-ses-15-ans-passes-a-rassembler-les-gens-les-idees-et-les-communautes#primaryimage\",\"url\":\"https:\/\/rogers-centreottawa.ca\/wp-content\/uploads\/2026\/04\/53519280105_7045c8bc8f_k-2.jpg\",\"contentUrl\":\"https:\/\/rogers-centreottawa.ca\/wp-content\/uploads\/2026\/04\/53519280105_7045c8bc8f_k-2.jpg\",\"width\":2048,\"height\":1365},{\"@type\":\"BreadcrumbList\",\"@id\":\"https:\/\/rogers-centreottawa.ca\/fr\/blog\/le-centre-rogers-ottawa-celebre-ses-15-ans-passes-a-rassembler-les-gens-les-idees-et-les-communautes#breadcrumb\",\"itemListElement\":[{\"@type\":\"ListItem\",\"position\":1,\"name\":\"Home\",\"item\":\"https:\/\/rogers-centreottawa.ca\/fr\"},{\"@type\":\"ListItem\",\"position\":2,\"name\":\"Le Centre Rogers Ottawa c\u00e9l\u00e8bre ses 15 ans pass\u00e9s \u00e0 rassembler les gens, les id\u00e9es et les communaut\u00e9s\"}]},{\"@type\":\"WebSite\",\"@id\":\"https:\/\/rogers-centreottawa.ca\/#website\",\"url\":\"https:\/\/rogers-centreottawa.ca\/\",\"name\":\"Centre Rogers Ottawa\",\"description\":\"Welcome to Canada\u2019s Meeting Place in the Heart of Ottawa.\",\"potentialAction\":[{\"@type\":\"SearchAction\",\"target\":{\"@type\":\"EntryPoint\",\"urlTemplate\":\"https:\/\/rogers-centreottawa.ca\/?s={search_term_string}\"},\"query-input\":{\"@type\":\"PropertyValueSpecification\",\"valueRequired\":true,\"valueName\":\"search_term_string\"}}],\"inLanguage\":\"fr-FR\"},{\"@type\":\"Person\",\"@id\":\"https:\/\/rogers-centreottawa.ca\/#\/schema\/person\/18c1513087dc61775ced82874eed0330\",\"name\":\"Heather Lyall\",\"image\":{\"@type\":\"ImageObject\",\"inLanguage\":\"fr-FR\",\"@id\":\"https:\/\/secure.gravatar.com\/avatar\/61900f58fabf27c20be75741c5d09500a87ef46102ea2b69a59b23e29bc186b7?s=96&d=mm&r=g\",\"url\":\"https:\/\/secure.gravatar.com\/avatar\/61900f58fabf27c20be75741c5d09500a87ef46102ea2b69a59b23e29bc186b7?s=96&d=mm&r=g\",\"contentUrl\":\"https:\/\/secure.gravatar.com\/avatar\/61900f58fabf27c20be75741c5d09500a87ef46102ea2b69a59b23e29bc186b7?s=96&d=mm&r=g\",\"caption\":\"Heather Lyall\"}}]}<\/script>\n<!-- \/ Yoast SEO plugin. -->","yoast_head_json":{"title":"Le Centre Rogers Ottawa c\u00e9l\u00e8bre ses 15 ans pass\u00e9s \u00e0 rassembler les gens, les id\u00e9es et les communaut\u00e9s - Centre Rogers Ottawa","robots":{"index":"index","follow":"follow","max-snippet":"max-snippet:-1","max-image-preview":"max-image-preview:large","max-video-preview":"max-video-preview:-1"},"canonical":"https:\/\/rogers-centreottawa.ca\/fr\/blog\/le-centre-rogers-ottawa-celebre-ses-15-ans-passes-a-rassembler-les-gens-les-idees-et-les-communautes","og_locale":"fr_FR","og_type":"article","og_title":"Le Centre Rogers Ottawa c\u00e9l\u00e8bre ses 15 ans pass\u00e9s \u00e0 rassembler les gens, les id\u00e9es et les communaut\u00e9s - Centre Rogers Ottawa","og_url":"https:\/\/rogers-centreottawa.ca\/fr\/blog\/le-centre-rogers-ottawa-celebre-ses-15-ans-passes-a-rassembler-les-gens-les-idees-et-les-communautes","og_site_name":"Centre Rogers Ottawa","article_published_time":"2026-04-23T14:20:10+00:00","article_modified_time":"2026-04-23T14:20:25+00:00","og_image":[{"width":2048,"height":1365,"url":"https:\/\/rogers-centreottawa.ca\/wp-content\/uploads\/2026\/04\/53519280105_7045c8bc8f_k-2.jpg","type":"image\/jpeg"}],"author":"Heather Lyall","twitter_card":"summary_large_image","twitter_misc":{"\u00c9crit par":"Heather Lyall"},"schema":{"@context":"https:\/\/schema.org","@graph":[{"@type":"Article","@id":"https:\/\/rogers-centreottawa.ca\/fr\/blog\/le-centre-rogers-ottawa-celebre-ses-15-ans-passes-a-rassembler-les-gens-les-idees-et-les-communautes#article","isPartOf":{"@id":"https:\/\/rogers-centreottawa.ca\/fr\/blog\/le-centre-rogers-ottawa-celebre-ses-15-ans-passes-a-rassembler-les-gens-les-idees-et-les-communautes"},"author":{"name":"Heather Lyall","@id":"https:\/\/rogers-centreottawa.ca\/#\/schema\/person\/18c1513087dc61775ced82874eed0330"},"headline":"Le Centre Rogers Ottawa c\u00e9l\u00e8bre ses 15 ans pass\u00e9s \u00e0 rassembler les gens, les id\u00e9es et les communaut\u00e9s","datePublished":"2026-04-23T14:20:10+00:00","dateModified":"2026-04-23T14:20:25+00:00","mainEntityOfPage":{"@id":"https:\/\/rogers-centreottawa.ca\/fr\/blog\/le-centre-rogers-ottawa-celebre-ses-15-ans-passes-a-rassembler-les-gens-les-idees-et-les-communautes"},"wordCount":21,"image":{"@id":"https:\/\/rogers-centreottawa.ca\/fr\/blog\/le-centre-rogers-ottawa-celebre-ses-15-ans-passes-a-rassembler-les-gens-les-idees-et-les-communautes#primaryimage"},"thumbnailUrl":"https:\/\/rogers-centreottawa.ca\/wp-content\/uploads\/2026\/04\/53519280105_7045c8bc8f_k-2.jpg","articleSection":["Non classifi\u00e9(e)"],"inLanguage":"fr-FR"},{"@type":"WebPage","@id":"https:\/\/rogers-centreottawa.ca\/fr\/blog\/le-centre-rogers-ottawa-celebre-ses-15-ans-passes-a-rassembler-les-gens-les-idees-et-les-communautes","url":"https:\/\/rogers-centreottawa.ca\/fr\/blog\/le-centre-rogers-ottawa-celebre-ses-15-ans-passes-a-rassembler-les-gens-les-idees-et-les-communautes","name":"Le Centre Rogers Ottawa c\u00e9l\u00e8bre ses 15 ans pass\u00e9s \u00e0 rassembler les gens, les id\u00e9es et les communaut\u00e9s - Centre Rogers Ottawa","isPartOf":{"@id":"https:\/\/rogers-centreottawa.ca\/#website"},"primaryImageOfPage":{"@id":"https:\/\/rogers-centreottawa.ca\/fr\/blog\/le-centre-rogers-ottawa-celebre-ses-15-ans-passes-a-rassembler-les-gens-les-idees-et-les-communautes#primaryimage"},"image":{"@id":"https:\/\/rogers-centreottawa.ca\/fr\/blog\/le-centre-rogers-ottawa-celebre-ses-15-ans-passes-a-rassembler-les-gens-les-idees-et-les-communautes#primaryimage"},"thumbnailUrl":"https:\/\/rogers-centreottawa.ca\/wp-content\/uploads\/2026\/04\/53519280105_7045c8bc8f_k-2.jpg","datePublished":"2026-04-23T14:20:10+00:00","dateModified":"2026-04-23T14:20:25+00:00","author":{"@id":"https:\/\/rogers-centreottawa.ca\/#\/schema\/person\/18c1513087dc61775ced82874eed0330"},"breadcrumb":{"@id":"https:\/\/rogers-centreottawa.ca\/fr\/blog\/le-centre-rogers-ottawa-celebre-ses-15-ans-passes-a-rassembler-les-gens-les-idees-et-les-communautes#breadcrumb"},"inLanguage":"fr-FR","potentialAction":[{"@type":"ReadAction","target":["https:\/\/rogers-centreottawa.ca\/fr\/blog\/le-centre-rogers-ottawa-celebre-ses-15-ans-passes-a-rassembler-les-gens-les-idees-et-les-communautes"]}]},{"@type":"ImageObject","inLanguage":"fr-FR","@id":"https:\/\/rogers-centreottawa.ca\/fr\/blog\/le-centre-rogers-ottawa-celebre-ses-15-ans-passes-a-rassembler-les-gens-les-idees-et-les-communautes#primaryimage","url":"https:\/\/rogers-centreottawa.ca\/wp-content\/uploads\/2026\/04\/53519280105_7045c8bc8f_k-2.jpg","contentUrl":"https:\/\/rogers-centreottawa.ca\/wp-content\/uploads\/2026\/04\/53519280105_7045c8bc8f_k-2.jpg","width":2048,"height":1365},{"@type":"BreadcrumbList","@id":"https:\/\/rogers-centreottawa.ca\/fr\/blog\/le-centre-rogers-ottawa-celebre-ses-15-ans-passes-a-rassembler-les-gens-les-idees-et-les-communautes#breadcrumb","itemListElement":[{"@type":"ListItem","position":1,"name":"Home","item":"https:\/\/rogers-centreottawa.ca\/fr"},{"@type":"ListItem","position":2,"name":"Le Centre Rogers Ottawa c\u00e9l\u00e8bre ses 15 ans pass\u00e9s \u00e0 rassembler les gens, les id\u00e9es et les communaut\u00e9s"}]},{"@type":"WebSite","@id":"https:\/\/rogers-centreottawa.ca\/#website","url":"https:\/\/rogers-centreottawa.ca\/","name":"Centre Rogers Ottawa","description":"Welcome to Canada\u2019s Meeting Place in the Heart of Ottawa.","potentialAction":[{"@type":"SearchAction","target":{"@type":"EntryPoint","urlTemplate":"https:\/\/rogers-centreottawa.ca\/?s={search_term_string}"},"query-input":{"@type":"PropertyValueSpecification","valueRequired":true,"valueName":"search_term_string"}}],"inLanguage":"fr-FR"},{"@type":"Person","@id":"https:\/\/rogers-centreottawa.ca\/#\/schema\/person\/18c1513087dc61775ced82874eed0330","name":"Heather Lyall","image":{"@type":"ImageObject","inLanguage":"fr-FR","@id":"https:\/\/secure.gravatar.com\/avatar\/61900f58fabf27c20be75741c5d09500a87ef46102ea2b69a59b23e29bc186b7?s=96&d=mm&r=g","url":"https:\/\/secure.gravatar.com\/avatar\/61900f58fabf27c20be75741c5d09500a87ef46102ea2b69a59b23e29bc186b7?s=96&d=mm&r=g","contentUrl":"https:\/\/secure.gravatar.com\/avatar\/61900f58fabf27c20be75741c5d09500a87ef46102ea2b69a59b23e29bc186b7?s=96&d=mm&r=g","caption":"Heather Lyall"}}]}},"_links":{"self":[{"href":"https:\/\/rogers-centreottawa.ca\/fr\/wp-json\/wp\/v2\/posts\/11752"}],"collection":[{"href":"https:\/\/rogers-centreottawa.ca\/fr\/wp-json\/wp\/v2\/posts"}],"about":[{"href":"https:\/\/rogers-centreottawa.ca\/fr\/wp-json\/wp\/v2\/types\/post"}],"author":[{"embeddable":true,"href":"https:\/\/rogers-centreottawa.ca\/fr\/wp-json\/wp\/v2\/users\/3"}],"replies":[{"embeddable":true,"href":"https:\/\/rogers-centreottawa.ca\/fr\/wp-json\/wp\/v2\/comments?post=11752"}],"version-history":[{"count":1,"href":"https:\/\/rogers-centreottawa.ca\/fr\/wp-json\/wp\/v2\/posts\/11752\/revisions"}],"predecessor-version":[{"id":11753,"href":"https:\/\/rogers-centreottawa.ca\/fr\/wp-json\/wp\/v2\/posts\/11752\/revisions\/11753"}],"wp:featuredmedia":[{"embeddable":true,"href":"https:\/\/rogers-centreottawa.ca\/fr\/wp-json\/wp\/v2\/media\/11735"}],"wp:attachment":[{"href":"https:\/\/rogers-centreottawa.ca\/fr\/wp-json\/wp\/v2\/media?parent=11752"}],"wp:term":[{"taxonomy":"category","embeddable":true,"href":"https:\/\/rogers-centreottawa.ca\/fr\/wp-json\/wp\/v2\/categories?post=11752"},{"taxonomy":"post_tag","embeddable":true,"href":"https:\/\/rogers-centreottawa.ca\/fr\/wp-json\/wp\/v2\/tags?post=11752"}],"curies":[{"name":"wp","href":"https:\/\/api.w.org\/{rel}","templated":true}]}}