{"id":10072,"date":"2025-02-12T19:49:28","date_gmt":"2025-02-12T19:49:28","guid":{"rendered":"https:\/\/rogers-centre.ca\/blog\/celebrating-black-excellence-at-the-rogers-centre-ottawa"},"modified":"2025-02-12T19:55:11","modified_gmt":"2025-02-12T19:55:11","slug":"celebration-de-lexcellence-des-noirs-au-centre-rogers-dottawa","status":"publish","type":"post","link":"https:\/\/rogers-centreottawa.ca\/fr\/blog\/celebration-de-lexcellence-des-noirs-au-centre-rogers-dottawa","title":{"rendered":"C\u00e9l\u00e9bration de l&rsquo;excellence des Noirs au Centre Rogers d&rsquo;Ottawa"},"content":{"rendered":"","protected":false},"excerpt":{"rendered":"","protected":false},"author":4,"featured_media":10067,"comment_status":"closed","ping_status":"closed","sticky":false,"template":"","format":"standard","meta":{"_acf_changed":false,"footnotes":""},"categories":[2],"tags":[154,155,156,57,157],"class_list":["post-10072","post","type-post","status-publish","format-standard","has-post-thumbnail","hentry","category-non-classifiee","tag-black-business-expo-fr","tag-black-events-fr","tag-black-excellence-fr","tag-black-history-month-fr","tag-events-fr"],"acf":[],"yoast_head":"<!-- This site is optimized with the Yoast SEO plugin v27.2 - https:\/\/yoast.com\/product\/yoast-seo-wordpress\/ -->\n<title>C\u00e9l\u00e9bration de l&#039;excellence des Noirs au Centre Rogers d&#039;Ottawa - Centre Rogers Ottawa<\/title>\n<meta name=\"description\" content=\"Le Centre Rogers Ottawa est fier d&#039;accueillir une s\u00e9rie d&#039;\u00e9v\u00e9nements marquants qui c\u00e9l\u00e8brent les r\u00e9alisations, les contributions et la r\u00e9silience de la communaut\u00e9 noire.\" \/>\n<meta name=\"robots\" content=\"index, follow, max-snippet:-1, max-image-preview:large, max-video-preview:-1\" \/>\n<link rel=\"canonical\" href=\"https:\/\/rogers-centreottawa.ca\/fr\/blog\/celebration-de-lexcellence-des-noirs-au-centre-rogers-dottawa\" \/>\n<meta property=\"og:locale\" content=\"fr_FR\" \/>\n<meta property=\"og:type\" content=\"article\" \/>\n<meta property=\"og:title\" content=\"C\u00e9l\u00e9bration de l&#039;excellence des Noirs au Centre Rogers d&#039;Ottawa - Centre Rogers Ottawa\" \/>\n<meta property=\"og:description\" content=\"Le Centre Rogers Ottawa est fier d&#039;accueillir une s\u00e9rie d&#039;\u00e9v\u00e9nements marquants qui c\u00e9l\u00e8brent les r\u00e9alisations, les contributions et la r\u00e9silience de la communaut\u00e9 noire.\" \/>\n<meta property=\"og:url\" content=\"https:\/\/rogers-centreottawa.ca\/fr\/blog\/celebration-de-lexcellence-des-noirs-au-centre-rogers-dottawa\" \/>\n<meta property=\"og:site_name\" content=\"Centre Rogers Ottawa\" \/>\n<meta property=\"article:published_time\" content=\"2025-02-12T19:49:28+00:00\" \/>\n<meta property=\"article:modified_time\" content=\"2025-02-12T19:55:11+00:00\" \/>\n<meta property=\"og:image\" content=\"https:\/\/rogers-centreottawa.ca\/wp-content\/uploads\/2025\/02\/Copy-of-Copy-of-Partnership-Announcement-2048-x-1365-px-645-x-267-px-Instagram-Post.png\" \/>\n\t<meta property=\"og:image:width\" content=\"1200\" \/>\n\t<meta property=\"og:image:height\" content=\"600\" \/>\n\t<meta property=\"og:image:type\" content=\"image\/png\" \/>\n<meta name=\"author\" content=\"Trisha Richardson\" \/>\n<meta name=\"twitter:card\" content=\"summary_large_image\" \/>\n<meta name=\"twitter:label1\" content=\"\u00c9crit par\" \/>\n\t<meta name=\"twitter:data1\" content=\"Trisha Richardson\" \/>\n<script type=\"application\/ld+json\" class=\"yoast-schema-graph\">{\"@context\":\"https:\/\/schema.org\",\"@graph\":[{\"@type\":\"Article\",\"@id\":\"https:\/\/rogers-centreottawa.ca\/fr\/blog\/celebration-de-lexcellence-des-noirs-au-centre-rogers-dottawa#article\",\"isPartOf\":{\"@id\":\"https:\/\/rogers-centreottawa.ca\/fr\/blog\/celebration-de-lexcellence-des-noirs-au-centre-rogers-dottawa\"},\"author\":{\"name\":\"Trisha Richardson\",\"@id\":\"https:\/\/rogers-centreottawa.ca\/#\/schema\/person\/c025bf70080cd7d9e57ad4c17f377b0b\"},\"headline\":\"C\u00e9l\u00e9bration de l&rsquo;excellence des Noirs au Centre Rogers d&rsquo;Ottawa\",\"datePublished\":\"2025-02-12T19:49:28+00:00\",\"dateModified\":\"2025-02-12T19:55:11+00:00\",\"mainEntityOfPage\":{\"@id\":\"https:\/\/rogers-centreottawa.ca\/fr\/blog\/celebration-de-lexcellence-des-noirs-au-centre-rogers-dottawa\"},\"wordCount\":13,\"image\":{\"@id\":\"https:\/\/rogers-centreottawa.ca\/fr\/blog\/celebration-de-lexcellence-des-noirs-au-centre-rogers-dottawa#primaryimage\"},\"thumbnailUrl\":\"https:\/\/rogers-centreottawa.ca\/wp-content\/uploads\/2025\/02\/Copy-of-Copy-of-Partnership-Announcement-2048-x-1365-px-645-x-267-px-Instagram-Post.png\",\"keywords\":[\"Black Business Expo\",\"Black Events\",\"Black Excellence\",\"Black History Month\",\"Events\"],\"articleSection\":[\"Non classifi\u00e9(e)\"],\"inLanguage\":\"fr-FR\"},{\"@type\":\"WebPage\",\"@id\":\"https:\/\/rogers-centreottawa.ca\/fr\/blog\/celebration-de-lexcellence-des-noirs-au-centre-rogers-dottawa\",\"url\":\"https:\/\/rogers-centreottawa.ca\/fr\/blog\/celebration-de-lexcellence-des-noirs-au-centre-rogers-dottawa\",\"name\":\"C\u00e9l\u00e9bration de l'excellence des Noirs au Centre Rogers d'Ottawa - Centre Rogers Ottawa\",\"isPartOf\":{\"@id\":\"https:\/\/rogers-centreottawa.ca\/#website\"},\"primaryImageOfPage\":{\"@id\":\"https:\/\/rogers-centreottawa.ca\/fr\/blog\/celebration-de-lexcellence-des-noirs-au-centre-rogers-dottawa#primaryimage\"},\"image\":{\"@id\":\"https:\/\/rogers-centreottawa.ca\/fr\/blog\/celebration-de-lexcellence-des-noirs-au-centre-rogers-dottawa#primaryimage\"},\"thumbnailUrl\":\"https:\/\/rogers-centreottawa.ca\/wp-content\/uploads\/2025\/02\/Copy-of-Copy-of-Partnership-Announcement-2048-x-1365-px-645-x-267-px-Instagram-Post.png\",\"datePublished\":\"2025-02-12T19:49:28+00:00\",\"dateModified\":\"2025-02-12T19:55:11+00:00\",\"author\":{\"@id\":\"https:\/\/rogers-centreottawa.ca\/#\/schema\/person\/c025bf70080cd7d9e57ad4c17f377b0b\"},\"description\":\"Le Centre Rogers Ottawa est fier d'accueillir une s\u00e9rie d'\u00e9v\u00e9nements marquants qui c\u00e9l\u00e8brent les r\u00e9alisations, les contributions et la r\u00e9silience de la communaut\u00e9 noire.\",\"breadcrumb\":{\"@id\":\"https:\/\/rogers-centreottawa.ca\/fr\/blog\/celebration-de-lexcellence-des-noirs-au-centre-rogers-dottawa#breadcrumb\"},\"inLanguage\":\"fr-FR\",\"potentialAction\":[{\"@type\":\"ReadAction\",\"target\":[\"https:\/\/rogers-centreottawa.ca\/fr\/blog\/celebration-de-lexcellence-des-noirs-au-centre-rogers-dottawa\"]}]},{\"@type\":\"ImageObject\",\"inLanguage\":\"fr-FR\",\"@id\":\"https:\/\/rogers-centreottawa.ca\/fr\/blog\/celebration-de-lexcellence-des-noirs-au-centre-rogers-dottawa#primaryimage\",\"url\":\"https:\/\/rogers-centreottawa.ca\/wp-content\/uploads\/2025\/02\/Copy-of-Copy-of-Partnership-Announcement-2048-x-1365-px-645-x-267-px-Instagram-Post.png\",\"contentUrl\":\"https:\/\/rogers-centreottawa.ca\/wp-content\/uploads\/2025\/02\/Copy-of-Copy-of-Partnership-Announcement-2048-x-1365-px-645-x-267-px-Instagram-Post.png\",\"width\":1200,\"height\":600,\"caption\":\"Feature image for black excellence blog\"},{\"@type\":\"BreadcrumbList\",\"@id\":\"https:\/\/rogers-centreottawa.ca\/fr\/blog\/celebration-de-lexcellence-des-noirs-au-centre-rogers-dottawa#breadcrumb\",\"itemListElement\":[{\"@type\":\"ListItem\",\"position\":1,\"name\":\"Home\",\"item\":\"https:\/\/rogers-centreottawa.ca\/fr\"},{\"@type\":\"ListItem\",\"position\":2,\"name\":\"C\u00e9l\u00e9bration de l&rsquo;excellence des Noirs au Centre Rogers d&rsquo;Ottawa\"}]},{\"@type\":\"WebSite\",\"@id\":\"https:\/\/rogers-centreottawa.ca\/#website\",\"url\":\"https:\/\/rogers-centreottawa.ca\/\",\"name\":\"Centre Rogers Ottawa\",\"description\":\"Welcome to Canada\u2019s Meeting Place in the Heart of Ottawa.\",\"potentialAction\":[{\"@type\":\"SearchAction\",\"target\":{\"@type\":\"EntryPoint\",\"urlTemplate\":\"https:\/\/rogers-centreottawa.ca\/?s={search_term_string}\"},\"query-input\":{\"@type\":\"PropertyValueSpecification\",\"valueRequired\":true,\"valueName\":\"search_term_string\"}}],\"inLanguage\":\"fr-FR\"},{\"@type\":\"Person\",\"@id\":\"https:\/\/rogers-centreottawa.ca\/#\/schema\/person\/c025bf70080cd7d9e57ad4c17f377b0b\",\"name\":\"Trisha Richardson\",\"image\":{\"@type\":\"ImageObject\",\"inLanguage\":\"fr-FR\",\"@id\":\"https:\/\/secure.gravatar.com\/avatar\/b2906d35434d35be5a26a2dc38d747bc6ba5434cafc7794a99d1427286536198?s=96&d=mm&r=g\",\"url\":\"https:\/\/secure.gravatar.com\/avatar\/b2906d35434d35be5a26a2dc38d747bc6ba5434cafc7794a99d1427286536198?s=96&d=mm&r=g\",\"contentUrl\":\"https:\/\/secure.gravatar.com\/avatar\/b2906d35434d35be5a26a2dc38d747bc6ba5434cafc7794a99d1427286536198?s=96&d=mm&r=g\",\"caption\":\"Trisha Richardson\"}}]}<\/script>\n<!-- \/ Yoast SEO plugin. -->","yoast_head_json":{"title":"C\u00e9l\u00e9bration de l'excellence des Noirs au Centre Rogers d'Ottawa - Centre Rogers Ottawa","description":"Le Centre Rogers Ottawa est fier d'accueillir une s\u00e9rie d'\u00e9v\u00e9nements marquants qui c\u00e9l\u00e8brent les r\u00e9alisations, les contributions et la r\u00e9silience de la communaut\u00e9 noire.","robots":{"index":"index","follow":"follow","max-snippet":"max-snippet:-1","max-image-preview":"max-image-preview:large","max-video-preview":"max-video-preview:-1"},"canonical":"https:\/\/rogers-centreottawa.ca\/fr\/blog\/celebration-de-lexcellence-des-noirs-au-centre-rogers-dottawa","og_locale":"fr_FR","og_type":"article","og_title":"C\u00e9l\u00e9bration de l'excellence des Noirs au Centre Rogers d'Ottawa - Centre Rogers Ottawa","og_description":"Le Centre Rogers Ottawa est fier d'accueillir une s\u00e9rie d'\u00e9v\u00e9nements marquants qui c\u00e9l\u00e8brent les r\u00e9alisations, les contributions et la r\u00e9silience de la communaut\u00e9 noire.","og_url":"https:\/\/rogers-centreottawa.ca\/fr\/blog\/celebration-de-lexcellence-des-noirs-au-centre-rogers-dottawa","og_site_name":"Centre Rogers Ottawa","article_published_time":"2025-02-12T19:49:28+00:00","article_modified_time":"2025-02-12T19:55:11+00:00","og_image":[{"width":1200,"height":600,"url":"https:\/\/rogers-centreottawa.ca\/wp-content\/uploads\/2025\/02\/Copy-of-Copy-of-Partnership-Announcement-2048-x-1365-px-645-x-267-px-Instagram-Post.png","type":"image\/png"}],"author":"Trisha Richardson","twitter_card":"summary_large_image","twitter_misc":{"\u00c9crit par":"Trisha Richardson"},"schema":{"@context":"https:\/\/schema.org","@graph":[{"@type":"Article","@id":"https:\/\/rogers-centreottawa.ca\/fr\/blog\/celebration-de-lexcellence-des-noirs-au-centre-rogers-dottawa#article","isPartOf":{"@id":"https:\/\/rogers-centreottawa.ca\/fr\/blog\/celebration-de-lexcellence-des-noirs-au-centre-rogers-dottawa"},"author":{"name":"Trisha Richardson","@id":"https:\/\/rogers-centreottawa.ca\/#\/schema\/person\/c025bf70080cd7d9e57ad4c17f377b0b"},"headline":"C\u00e9l\u00e9bration de l&rsquo;excellence des Noirs au Centre Rogers d&rsquo;Ottawa","datePublished":"2025-02-12T19:49:28+00:00","dateModified":"2025-02-12T19:55:11+00:00","mainEntityOfPage":{"@id":"https:\/\/rogers-centreottawa.ca\/fr\/blog\/celebration-de-lexcellence-des-noirs-au-centre-rogers-dottawa"},"wordCount":13,"image":{"@id":"https:\/\/rogers-centreottawa.ca\/fr\/blog\/celebration-de-lexcellence-des-noirs-au-centre-rogers-dottawa#primaryimage"},"thumbnailUrl":"https:\/\/rogers-centreottawa.ca\/wp-content\/uploads\/2025\/02\/Copy-of-Copy-of-Partnership-Announcement-2048-x-1365-px-645-x-267-px-Instagram-Post.png","keywords":["Black Business Expo","Black Events","Black Excellence","Black History Month","Events"],"articleSection":["Non classifi\u00e9(e)"],"inLanguage":"fr-FR"},{"@type":"WebPage","@id":"https:\/\/rogers-centreottawa.ca\/fr\/blog\/celebration-de-lexcellence-des-noirs-au-centre-rogers-dottawa","url":"https:\/\/rogers-centreottawa.ca\/fr\/blog\/celebration-de-lexcellence-des-noirs-au-centre-rogers-dottawa","name":"C\u00e9l\u00e9bration de l'excellence des Noirs au Centre Rogers d'Ottawa - Centre Rogers Ottawa","isPartOf":{"@id":"https:\/\/rogers-centreottawa.ca\/#website"},"primaryImageOfPage":{"@id":"https:\/\/rogers-centreottawa.ca\/fr\/blog\/celebration-de-lexcellence-des-noirs-au-centre-rogers-dottawa#primaryimage"},"image":{"@id":"https:\/\/rogers-centreottawa.ca\/fr\/blog\/celebration-de-lexcellence-des-noirs-au-centre-rogers-dottawa#primaryimage"},"thumbnailUrl":"https:\/\/rogers-centreottawa.ca\/wp-content\/uploads\/2025\/02\/Copy-of-Copy-of-Partnership-Announcement-2048-x-1365-px-645-x-267-px-Instagram-Post.png","datePublished":"2025-02-12T19:49:28+00:00","dateModified":"2025-02-12T19:55:11+00:00","author":{"@id":"https:\/\/rogers-centreottawa.ca\/#\/schema\/person\/c025bf70080cd7d9e57ad4c17f377b0b"},"description":"Le Centre Rogers Ottawa est fier d'accueillir une s\u00e9rie d'\u00e9v\u00e9nements marquants qui c\u00e9l\u00e8brent les r\u00e9alisations, les contributions et la r\u00e9silience de la communaut\u00e9 noire.","breadcrumb":{"@id":"https:\/\/rogers-centreottawa.ca\/fr\/blog\/celebration-de-lexcellence-des-noirs-au-centre-rogers-dottawa#breadcrumb"},"inLanguage":"fr-FR","potentialAction":[{"@type":"ReadAction","target":["https:\/\/rogers-centreottawa.ca\/fr\/blog\/celebration-de-lexcellence-des-noirs-au-centre-rogers-dottawa"]}]},{"@type":"ImageObject","inLanguage":"fr-FR","@id":"https:\/\/rogers-centreottawa.ca\/fr\/blog\/celebration-de-lexcellence-des-noirs-au-centre-rogers-dottawa#primaryimage","url":"https:\/\/rogers-centreottawa.ca\/wp-content\/uploads\/2025\/02\/Copy-of-Copy-of-Partnership-Announcement-2048-x-1365-px-645-x-267-px-Instagram-Post.png","contentUrl":"https:\/\/rogers-centreottawa.ca\/wp-content\/uploads\/2025\/02\/Copy-of-Copy-of-Partnership-Announcement-2048-x-1365-px-645-x-267-px-Instagram-Post.png","width":1200,"height":600,"caption":"Feature image for black excellence blog"},{"@type":"BreadcrumbList","@id":"https:\/\/rogers-centreottawa.ca\/fr\/blog\/celebration-de-lexcellence-des-noirs-au-centre-rogers-dottawa#breadcrumb","itemListElement":[{"@type":"ListItem","position":1,"name":"Home","item":"https:\/\/rogers-centreottawa.ca\/fr"},{"@type":"ListItem","position":2,"name":"C\u00e9l\u00e9bration de l&rsquo;excellence des Noirs au Centre Rogers d&rsquo;Ottawa"}]},{"@type":"WebSite","@id":"https:\/\/rogers-centreottawa.ca\/#website","url":"https:\/\/rogers-centreottawa.ca\/","name":"Centre Rogers Ottawa","description":"Welcome to Canada\u2019s Meeting Place in the Heart of Ottawa.","potentialAction":[{"@type":"SearchAction","target":{"@type":"EntryPoint","urlTemplate":"https:\/\/rogers-centreottawa.ca\/?s={search_term_string}"},"query-input":{"@type":"PropertyValueSpecification","valueRequired":true,"valueName":"search_term_string"}}],"inLanguage":"fr-FR"},{"@type":"Person","@id":"https:\/\/rogers-centreottawa.ca\/#\/schema\/person\/c025bf70080cd7d9e57ad4c17f377b0b","name":"Trisha Richardson","image":{"@type":"ImageObject","inLanguage":"fr-FR","@id":"https:\/\/secure.gravatar.com\/avatar\/b2906d35434d35be5a26a2dc38d747bc6ba5434cafc7794a99d1427286536198?s=96&d=mm&r=g","url":"https:\/\/secure.gravatar.com\/avatar\/b2906d35434d35be5a26a2dc38d747bc6ba5434cafc7794a99d1427286536198?s=96&d=mm&r=g","contentUrl":"https:\/\/secure.gravatar.com\/avatar\/b2906d35434d35be5a26a2dc38d747bc6ba5434cafc7794a99d1427286536198?s=96&d=mm&r=g","caption":"Trisha Richardson"}}]}},"_links":{"self":[{"href":"https:\/\/rogers-centreottawa.ca\/fr\/wp-json\/wp\/v2\/posts\/10072"}],"collection":[{"href":"https:\/\/rogers-centreottawa.ca\/fr\/wp-json\/wp\/v2\/posts"}],"about":[{"href":"https:\/\/rogers-centreottawa.ca\/fr\/wp-json\/wp\/v2\/types\/post"}],"author":[{"embeddable":true,"href":"https:\/\/rogers-centreottawa.ca\/fr\/wp-json\/wp\/v2\/users\/4"}],"replies":[{"embeddable":true,"href":"https:\/\/rogers-centreottawa.ca\/fr\/wp-json\/wp\/v2\/comments?post=10072"}],"version-history":[{"count":2,"href":"https:\/\/rogers-centreottawa.ca\/fr\/wp-json\/wp\/v2\/posts\/10072\/revisions"}],"predecessor-version":[{"id":10074,"href":"https:\/\/rogers-centreottawa.ca\/fr\/wp-json\/wp\/v2\/posts\/10072\/revisions\/10074"}],"wp:featuredmedia":[{"embeddable":true,"href":"https:\/\/rogers-centreottawa.ca\/fr\/wp-json\/wp\/v2\/media\/10067"}],"wp:attachment":[{"href":"https:\/\/rogers-centreottawa.ca\/fr\/wp-json\/wp\/v2\/media?parent=10072"}],"wp:term":[{"taxonomy":"category","embeddable":true,"href":"https:\/\/rogers-centreottawa.ca\/fr\/wp-json\/wp\/v2\/categories?post=10072"},{"taxonomy":"post_tag","embeddable":true,"href":"https:\/\/rogers-centreottawa.ca\/fr\/wp-json\/wp\/v2\/tags?post=10072"}],"curies":[{"name":"wp","href":"https:\/\/api.w.org\/{rel}","templated":true}]}}